{"id":2857,"date":"2026-03-16T09:22:21","date_gmt":"2026-03-16T08:22:21","guid":{"rendered":"https:\/\/santamariaimmacolata.it\/?p=2857"},"modified":"2026-03-16T09:22:21","modified_gmt":"2026-03-16T08:22:21","slug":"via-crucis-zonale-lunedi-16-marzo-2026","status":"publish","type":"post","link":"https:\/\/santamariaimmacolata.it\/?p=2857","title":{"rendered":"Via crucis zonale  &#8211; luned\u00ec 16 marzo 2026"},"content":{"rendered":"<p>Luned\u00ec 16 marzo 2026 a Casalmaggiore si svolger\u00e0 la via crucia per le parrocchie della zona pastorale V. Il ritrovo \u00e8 alla chiesa di San Francesco ore 21.00<\/p>\n<p><img loading=\"lazy\" decoding=\"async\" class=\"alignleft  wp-image-2858\" src=\"http:\/\/santamariaimmacolata.it\/wp-content\/uploads\/2026\/03\/via-crucis-16-marzo-212x300.jpeg\" alt=\"\" width=\"609\" height=\"861\" srcset=\"https:\/\/santamariaimmacolata.it\/wp-content\/uploads\/2026\/03\/via-crucis-16-marzo-212x300.jpeg 212w, https:\/\/santamariaimmacolata.it\/wp-content\/uploads\/2026\/03\/via-crucis-16-marzo-724x1024.jpeg 724w, https:\/\/santamariaimmacolata.it\/wp-content\/uploads\/2026\/03\/via-crucis-16-marzo-768x1086.jpeg 768w, https:\/\/santamariaimmacolata.it\/wp-content\/uploads\/2026\/03\/via-crucis-16-marzo-1086x1536.jpeg 1086w, https:\/\/santamariaimmacolata.it\/wp-content\/uploads\/2026\/03\/via-crucis-16-marzo-640x905.jpeg 640w, https:\/\/santamariaimmacolata.it\/wp-content\/uploads\/2026\/03\/via-crucis-16-marzo.jpeg 1240w\" sizes=\"(max-width: 609px) 100vw, 609px\" \/><\/p>\n","protected":false},"excerpt":{"rendered":"<p>Luned\u00ec 16 marzo 2026 a Casalmaggiore si svolger\u00e0 la via crucia per le parrocchie della zona pastorale V. Il ritrovo \u00e8 alla chiesa di San Francesco ore 21.00<\/p>\n","protected":false},"author":1,"featured_media":0,"comment_status":"open","ping_status":"open","sticky":false,"template":"","format":"standard","meta":{"footnotes":""},"categories":[1],"tags":[],"jetpack_featured_media_url":"","yoast_head":"<!-- This site is optimized with the Yoast SEO plugin v14.7 - https:\/\/yoast.com\/wordpress\/plugins\/seo\/ -->\n<title>Via crucis zonale - luned\u00ec 16 marzo 2026 - Santa Maria Immacolata<\/title>\n<meta name=\"robots\" content=\"index, follow\" \/>\n<meta name=\"googlebot\" content=\"index, follow, max-snippet:-1, max-image-preview:large, max-video-preview:-1\" \/>\n<meta name=\"bingbot\" content=\"index, follow, max-snippet:-1, max-image-preview:large, max-video-preview:-1\" \/>\n<link rel=\"canonical\" href=\"https:\/\/santamariaimmacolata.it\/?p=2857\" \/>\n<meta property=\"og:locale\" content=\"it_IT\" \/>\n<meta property=\"og:type\" content=\"article\" \/>\n<meta property=\"og:title\" content=\"Via crucis zonale - luned\u00ec 16 marzo 2026 - Santa Maria Immacolata\" \/>\n<meta property=\"og:description\" content=\"Luned\u00ec 16 marzo 2026 a Casalmaggiore si svolger\u00e0 la via crucia per le parrocchie della zona pastorale V. Il ritrovo \u00e8 alla chiesa di San Francesco ore 21.00\" \/>\n<meta property=\"og:url\" content=\"https:\/\/santamariaimmacolata.it\/?p=2857\" \/>\n<meta property=\"og:site_name\" content=\"Santa Maria Immacolata\" \/>\n<meta property=\"article:published_time\" content=\"2026-03-16T08:22:21+00:00\" \/>\n<meta property=\"og:image\" content=\"http:\/\/santamariaimmacolata.it\/wp-content\/uploads\/2026\/03\/via-crucis-16-marzo-212x300.jpeg\" \/>\n<meta name=\"twitter:card\" content=\"summary_large_image\" \/>\n<script type=\"application\/ld+json\" class=\"yoast-schema-graph\">{\"@context\":\"https:\/\/schema.org\",\"@graph\":[{\"@type\":\"WebSite\",\"@id\":\"https:\/\/santamariaimmacolata.it\/#website\",\"url\":\"https:\/\/santamariaimmacolata.it\/\",\"name\":\"Santa Maria Immacolata\",\"description\":\"Unit\\u00e0 Pastorale di Rivarolo Mantovano, Cividale e Spineda\",\"potentialAction\":[{\"@type\":\"SearchAction\",\"target\":\"https:\/\/santamariaimmacolata.it\/?s={search_term_string}\",\"query-input\":\"required name=search_term_string\"}],\"inLanguage\":\"it-IT\"},{\"@type\":\"ImageObject\",\"@id\":\"https:\/\/santamariaimmacolata.it\/?p=2857#primaryimage\",\"inLanguage\":\"it-IT\",\"url\":\"http:\/\/santamariaimmacolata.it\/wp-content\/uploads\/2026\/03\/via-crucis-16-marzo-212x300.jpeg\"},{\"@type\":\"WebPage\",\"@id\":\"https:\/\/santamariaimmacolata.it\/?p=2857#webpage\",\"url\":\"https:\/\/santamariaimmacolata.it\/?p=2857\",\"name\":\"Via crucis zonale - luned\\u00ec 16 marzo 2026 - Santa Maria Immacolata\",\"isPartOf\":{\"@id\":\"https:\/\/santamariaimmacolata.it\/#website\"},\"primaryImageOfPage\":{\"@id\":\"https:\/\/santamariaimmacolata.it\/?p=2857#primaryimage\"},\"datePublished\":\"2026-03-16T08:22:21+00:00\",\"dateModified\":\"2026-03-16T08:22:21+00:00\",\"author\":{\"@id\":\"https:\/\/santamariaimmacolata.it\/#\/schema\/person\/1252691209470ec52b6228d54973ac77\"},\"inLanguage\":\"it-IT\",\"potentialAction\":[{\"@type\":\"ReadAction\",\"target\":[\"https:\/\/santamariaimmacolata.it\/?p=2857\"]}]},{\"@type\":[\"Person\"],\"@id\":\"https:\/\/santamariaimmacolata.it\/#\/schema\/person\/1252691209470ec52b6228d54973ac77\",\"name\":\"admin5749\",\"image\":{\"@type\":\"ImageObject\",\"@id\":\"https:\/\/santamariaimmacolata.it\/#personlogo\",\"inLanguage\":\"it-IT\",\"url\":\"https:\/\/secure.gravatar.com\/avatar\/51116a2799072ed44a00cea635baa88c?s=96&d=mm&r=g\",\"caption\":\"admin5749\"}}]}<\/script>\n<!-- \/ Yoast SEO plugin. -->","_links":{"self":[{"href":"https:\/\/santamariaimmacolata.it\/index.php?rest_route=\/wp\/v2\/posts\/2857"}],"collection":[{"href":"https:\/\/santamariaimmacolata.it\/index.php?rest_route=\/wp\/v2\/posts"}],"about":[{"href":"https:\/\/santamariaimmacolata.it\/index.php?rest_route=\/wp\/v2\/types\/post"}],"author":[{"embeddable":true,"href":"https:\/\/santamariaimmacolata.it\/index.php?rest_route=\/wp\/v2\/users\/1"}],"replies":[{"embeddable":true,"href":"https:\/\/santamariaimmacolata.it\/index.php?rest_route=%2Fwp%2Fv2%2Fcomments&post=2857"}],"version-history":[{"count":1,"href":"https:\/\/santamariaimmacolata.it\/index.php?rest_route=\/wp\/v2\/posts\/2857\/revisions"}],"predecessor-version":[{"id":2859,"href":"https:\/\/santamariaimmacolata.it\/index.php?rest_route=\/wp\/v2\/posts\/2857\/revisions\/2859"}],"wp:attachment":[{"href":"https:\/\/santamariaimmacolata.it\/index.php?rest_route=%2Fwp%2Fv2%2Fmedia&parent=2857"}],"wp:term":[{"taxonomy":"category","embeddable":true,"href":"https:\/\/santamariaimmacolata.it\/index.php?rest_route=%2Fwp%2Fv2%2Fcategories&post=2857"},{"taxonomy":"post_tag","embeddable":true,"href":"https:\/\/santamariaimmacolata.it\/index.php?rest_route=%2Fwp%2Fv2%2Ftags&post=2857"}],"curies":[{"name":"wp","href":"https:\/\/api.w.org\/{rel}","templated":true}]}}